{"id":2283,"date":"2021-08-23T22:21:28","date_gmt":"2021-08-23T20:21:28","guid":{"rendered":"https:\/\/www.frutas-biobena.com\/cosecha-de-mango-ecologico-2021\/"},"modified":"2022-07-16T21:07:40","modified_gmt":"2022-07-16T19:07:40","slug":"cosecha-mango-ecologico-2021","status":"publish","type":"post","link":"https:\/\/www.frutas-biobena.com\/es\/cosecha-mango-ecologico-2021\/","title":{"rendered":"Cosecha de mango ecol\u00f3gico 2021"},"content":{"rendered":"<p><!--:de--><\/p>\n<aside><\/aside>\n<section>\n<h2>Mangos ecol\u00f3gicos de la variedad Osteen directo del \u00e1rbol de mango ecol\u00f3gico a tu casa<\/h2>\n<figure id=\"attachment_2162\" aria-describedby=\"caption-attachment-2162\" style=\"width: 300px\" class=\"wp-caption alignleft\"><a href=\"https:\/\/www.frutas-biobena.com\/wp-content\/uploads\/2021-mangoplantage.jpg\"><img loading=\"lazy\" decoding=\"async\" class=\"wp-image-2162 size-medium\" src=\"https:\/\/www.frutas-biobena.com\/wp-content\/uploads\/\/2021-mangoplantage-scaled-e1656169321265-300x225.jpg\" alt=\"Plantaci\u00f3n de mango ecol\u00f3gico en Andaluc\u00eda Espa\u00f1a\" width=\"300\" height=\"225\" srcset=\"https:\/\/www.frutas-biobena.com\/wp-content\/uploads\/2021-mangoplantage-scaled-e1656169321265-300x225.jpg 300w, https:\/\/www.frutas-biobena.com\/wp-content\/uploads\/2021-mangoplantage-scaled-e1656169321265-416x312.jpg 416w, https:\/\/www.frutas-biobena.com\/wp-content\/uploads\/2021-mangoplantage-scaled-e1656169321265-1024x768.jpg 1024w, https:\/\/www.frutas-biobena.com\/wp-content\/uploads\/2021-mangoplantage-scaled-e1656169321265-768x576.jpg 768w, https:\/\/www.frutas-biobena.com\/wp-content\/uploads\/2021-mangoplantage-scaled-e1656169321265-1536x1152.jpg 1536w, https:\/\/www.frutas-biobena.com\/wp-content\/uploads\/2021-mangoplantage-scaled-e1656169321265.jpg 1990w\" sizes=\"auto, (max-width: 300px) 100vw, 300px\" \/><\/a><figcaption id=\"caption-attachment-2162\" class=\"wp-caption-text\">Plantaci\u00f3n de mango ecol\u00f3gico en Andaluc\u00eda Espa\u00f1a<\/figcaption><\/figure>\n<p>El 2 de septiembre de 2021 se abrir\u00e1 nuestra tienda online con la venta de nuestros MANGOS ECOL\u00d3GICOS de la variedad OSTEEN. Nuestros maravillosos y dulces MANGOS OSTEEN han sido mimados abundantemente por el sol de nuevo este a\u00f1o. Por ello, nos complace poder ofrecerles de nuevo nuestros deliciosos MANGOS ecol\u00f3gicos de la variedad OSTEEN.<\/p>\n<p><strong><span style=\"color: #ff0000;\">NUEVO este a\u00f1o:<\/span><\/strong><\/p>\n<p><span style=\"color: #ff0000;\">De acuerdo con la reforma del IVA de la UE, estamos obligados a ajustar el IVA al pa\u00eds de entrega respectivo. Dado que el impuesto sobre las ventas en algunos pa\u00edses es m\u00e1s alto o m\u00e1s bajo que en Espa\u00f1a, los precios aumentar\u00e1n o disminuir\u00e1n ligeramente. \u00a1Esperamos su comprensi\u00f3n! \u00a1Muchas gracias!<\/span><\/p>\n<h2>\u00bfQuiere comprar m\u00e1s de una caja de MANGO OSTEEN Ecol\u00f3gico durante toda la temporada de mango?<\/h2>\n<h3>Entonces env\u00edenos un correo electr\u00f3nico a <span style=\"color: #0000ff;\">bestellung@frutas-biobena.com a m\u00e1s tardar el 31 de agosto de<\/span> 2021. \u00a1Puede ahorrar <span style=\"color: #0000ff;\">alrededor<\/span> del 10% en cada caja!<\/h3>\n<p><b>Algunos datos previos para la reserva con un 10% de descuento:<\/b><\/p>\n<p><strong>1. \u00bfqu\u00e9 cajas de MANGO ecol\u00f3gico se pueden elegir?<\/strong><\/p>\n<p><strong>5 kg por 30,66 euros<\/strong> * en lugar de 33,95 euros* en la tienda online (env\u00edo dentro de Alemania) o<\/p>\n<p><strong>10 kg por 49,38 euros*<\/strong> en lugar de 54,53 euros* en la tienda online (env\u00edo dentro de Alemania)<\/p>\n<p>* Para Austria, B\u00e9lgica, Pa\u00edses Bajos, Luxemburgo, Italia, Francia y Espa\u00f1a consultar precios.<\/p>\n<p><b>2.<\/b> aqu\u00ed est\u00e1n nuestras<strong> fechas de env\u00edo para<\/strong> la temporada de ventas de MANGO OSTEEN:<\/p>\n<p>\u00a1Elija sus fechas de env\u00edo deseadas!<\/p>\n<p>lun 06.\/ jue 09.09.<br \/>\nlun 13.\/ jue 16.09.<br \/>\nlun 20.\/ jue 23.09.<br \/>\nlun 27.\/ jue 30.09.<br \/>\nlun 04.\/ jue 07.10<br \/>\nmi\u00e9 13.\/ jue 14.10.<br \/>\nlun 18.\/ jue 21.10.<br \/>\nlun 25.\/ mar 26.10.<\/p>\n<p>Enviamos con GLS. Plazos de entrega: Alemania, Francia 2-4 d\u00edas laborables, Austria, Italia, B\u00e9lgica, Luxemburgo, Pa\u00edses Bajos 3-5 d\u00edas laborables<\/p>\n<p><strong>3. \u00a1Por favor ingrese una direcci\u00f3n de entrega!<\/strong><\/p>\n<p><strong>4. PAGO: Pago por adelantado mediante transferencia bancaria (Recibir\u00e1s los datos bancarios con la confirmaci\u00f3n del pedido.)<\/strong><\/p>\n<h2><span style=\"color: #339966;\"><strong>Como en a\u00f1os anteriores, trabajamos en nuestra BIO FINCA siguiendo las siguientes pautas:<\/strong><\/span><\/h2>\n<p><strong>Nuestras frutas de mango ORG\u00c1NICO est\u00e1n<\/strong> <strong>libres de pesticidas y herbicidas.<\/strong><\/p>\n<p><strong>No utilizamos fertilizantes artificiales.<\/strong><\/p>\n<p><strong>No utilizamos c\u00e1maras de maduraci\u00f3n y no tratamos la piel exterior.<br \/>\n<\/strong><\/p>\n<p><strong>Nuestros MANGOS se recogen a mano y se envasan inmediatamente.<\/strong><\/p>\n<p><strong>Nuestros MANGOS est\u00e1n certificados BIO por KIWA seg\u00fan las directrices de la UE.<\/strong><\/p>\n<figure id=\"attachment_2164\" aria-describedby=\"caption-attachment-2164\" style=\"width: 300px\" class=\"wp-caption alignleft\"><a href=\"https:\/\/www.frutas-biobena.com\/wp-content\/uploads\/2021-mangozweig.jpg\"><img loading=\"lazy\" decoding=\"async\" class=\"wp-image-2164 size-medium\" src=\"https:\/\/www.frutas-biobena.com\/wp-content\/uploads\/\/2021-mangozweig-300x225.jpg\" alt=\"Rama de mango ecol\u00f3gico\" width=\"300\" height=\"225\" srcset=\"https:\/\/www.frutas-biobena.com\/wp-content\/uploads\/2021-mangozweig-300x225.jpg 300w, https:\/\/www.frutas-biobena.com\/wp-content\/uploads\/2021-mangozweig-416x312.jpg 416w, https:\/\/www.frutas-biobena.com\/wp-content\/uploads\/2021-mangozweig-1024x768.jpg 1024w\" sizes=\"auto, (max-width: 300px) 100vw, 300px\" \/><\/a><figcaption id=\"caption-attachment-2164\" class=\"wp-caption-text\">Rama de mango ecol\u00f3gico<\/figcaption><\/figure>\n<p>&nbsp;<\/p>\n<p>&nbsp;<\/p>\n<p>\u00a1Esperamos su visita a nuestra tienda en l\u00ednea!<\/p>\n<\/section>\n<section>El equipo de Frutas Biobena<\/section>\n<p><!--:--><!--:es--><\/p>\n<p>&nbsp;<\/p>\n","protected":false},"excerpt":{"rendered":"<p>Mangos ecol\u00f3gicos de la variedad Osteen directo del \u00e1rbol de mango ecol\u00f3gico a tu casa El 2 de septiembre de 2021 se abrir\u00e1 nuestra tienda online con la venta de nuestros MANGOS ECOL\u00d3GICOS de la variedad OSTEEN. Nuestros maravillosos y dulces MANGOS OSTEEN han sido mimados abundantemente por el sol de nuevo este a\u00f1o. Por [&hellip;]<\/p>\n","protected":false},"author":3,"featured_media":0,"comment_status":"closed","ping_status":"closed","sticky":false,"template":"","format":"standard","meta":{"footnotes":""},"categories":[84],"tags":[82,83],"class_list":["post-2283","post","type-post","status-publish","format-standard","hentry","category-noticias","tag-mango-ecologico","tag-osteen-es"],"_links":{"self":[{"href":"https:\/\/www.frutas-biobena.com\/es\/wp-json\/wp\/v2\/posts\/2283","targetHints":{"allow":["GET"]}}],"collection":[{"href":"https:\/\/www.frutas-biobena.com\/es\/wp-json\/wp\/v2\/posts"}],"about":[{"href":"https:\/\/www.frutas-biobena.com\/es\/wp-json\/wp\/v2\/types\/post"}],"author":[{"embeddable":true,"href":"https:\/\/www.frutas-biobena.com\/es\/wp-json\/wp\/v2\/users\/3"}],"replies":[{"embeddable":true,"href":"https:\/\/www.frutas-biobena.com\/es\/wp-json\/wp\/v2\/comments?post=2283"}],"version-history":[{"count":17,"href":"https:\/\/www.frutas-biobena.com\/es\/wp-json\/wp\/v2\/posts\/2283\/revisions"}],"predecessor-version":[{"id":2655,"href":"https:\/\/www.frutas-biobena.com\/es\/wp-json\/wp\/v2\/posts\/2283\/revisions\/2655"}],"wp:attachment":[{"href":"https:\/\/www.frutas-biobena.com\/es\/wp-json\/wp\/v2\/media?parent=2283"}],"wp:term":[{"taxonomy":"category","embeddable":true,"href":"https:\/\/www.frutas-biobena.com\/es\/wp-json\/wp\/v2\/categories?post=2283"},{"taxonomy":"post_tag","embeddable":true,"href":"https:\/\/www.frutas-biobena.com\/es\/wp-json\/wp\/v2\/tags?post=2283"}],"curies":[{"name":"wp","href":"https:\/\/api.w.org\/{rel}","templated":true}]}}