{"id":2284,"date":"2021-08-23T22:21:28","date_gmt":"2021-08-23T20:21:28","guid":{"rendered":"https:\/\/www.frutas-biobena.com\/recolte-mangue-bio-2021\/"},"modified":"2022-08-08T17:10:31","modified_gmt":"2022-08-08T15:10:31","slug":"recolte-mangue-bio-2021","status":"publish","type":"post","link":"https:\/\/www.frutas-biobena.com\/fr\/recolte-mangue-bio-2021\/","title":{"rendered":"R\u00e9colte mangue bio 2021"},"content":{"rendered":"<p><!--:de--><\/p>\n<aside><\/aside>\n<section>\n<h2>Mangue bio de la vari\u00e9t\u00e9 Osteen directement du manguier biologique \u00e0 votre domicile<\/h2>\n<figure id=\"attachment_2161\" aria-describedby=\"caption-attachment-2161\" style=\"width: 300px\" class=\"wp-caption alignleft\"><a href=\"https:\/\/www.frutas-biobena.com\/wp-content\/uploads\/2021-mangoplantage.jpg\"><img loading=\"lazy\" decoding=\"async\" class=\"wp-image-2161 size-medium\" src=\"https:\/\/www.frutas-biobena.com\/wp-content\/uploads\/\/2021-mangoplantage-scaled-e1656169321265-300x225.jpg\" alt=\"Plantation de mangue biologique en Andalousie Espagne\" width=\"300\" height=\"225\" srcset=\"https:\/\/www.frutas-biobena.com\/wp-content\/uploads\/2021-mangoplantage-scaled-e1656169321265-300x225.jpg 300w, https:\/\/www.frutas-biobena.com\/wp-content\/uploads\/2021-mangoplantage-scaled-e1656169321265-416x312.jpg 416w, https:\/\/www.frutas-biobena.com\/wp-content\/uploads\/2021-mangoplantage-scaled-e1656169321265-1024x768.jpg 1024w, https:\/\/www.frutas-biobena.com\/wp-content\/uploads\/2021-mangoplantage-scaled-e1656169321265-768x576.jpg 768w, https:\/\/www.frutas-biobena.com\/wp-content\/uploads\/2021-mangoplantage-scaled-e1656169321265-1536x1152.jpg 1536w, https:\/\/www.frutas-biobena.com\/wp-content\/uploads\/2021-mangoplantage-scaled-e1656169321265.jpg 1990w\" sizes=\"auto, (max-width: 300px) 100vw, 300px\" \/><\/a><figcaption id=\"caption-attachment-2161\" class=\"wp-caption-text\">Plantation de mangue bio en Andalousie Espagne<\/figcaption><\/figure>\n<p>Le 2 septembre 2021 notre boutique en ligne ouvrira avec la vente de nos MANGUE BIO de la vari\u00e9t\u00e9 OSTEEN. Cette ann\u00e9e encore, nos merveilleux et doux MANGUES OSTEEN ont \u00e9t\u00e9 g\u00e9n\u00e9reusement g\u00e2t\u00e9s par le soleil. Nous sommes donc heureux de leur proposer \u00e0 nouveau nos d\u00e9licieux MANGUES de la vari\u00e9t\u00e9 OSTEEN.<\/p>\n<p><strong><span style=\"color: #ff0000;\">NOUVEAU cette ann\u00e9e :<\/span><\/strong><\/p>\n<p><span style=\"color: #ff0000;\">Conform\u00e9ment \u00e0 la r\u00e9forme de la TVA de l&rsquo;UE, nous sommes oblig\u00e9s d&rsquo;adapter la TVA au pays de livraison respectif. \u00c9tant donn\u00e9 que la taxe de vente dans certains pays est sup\u00e9rieure ou inf\u00e9rieure \u00e0 celle de l&rsquo;Espagne, les prix augmenteront ou diminueront l\u00e9g\u00e8rement. Nous comptons sur votre compr\u00e9hension ! Merci beaucoup!<\/span><\/p>\n<h2>Vous souhaitez acheter plus d&rsquo;une caisse de MANGUE BIO OSTEEN pendant toute la saison des mangues ?<\/h2>\n<h3>Alors envoyez-nous un e-mail \u00e0 <span style=\"color: #0000ff;\">bestellung@frutas-biobena.com au plus tard le 31 ao\u00fbt<\/span> 2021. Vous pouvez \u00e9conomiser <span style=\"color: #0000ff;\">environ<\/span> 10 % sur chaque bo\u00eete !!!!<\/h3>\n<p><b>Quelques informations \u00e0 l&rsquo;avance pour la r\u00e9servation avec une remise de 10% :<\/b><\/p>\n<p><strong>1. quelles caisses mangues bio peuvent-elles choisir ?<\/strong><\/p>\n<p><strong>5kg pour 30,66 euros<\/strong> * au lieu de 33,95 euros* dans la boutique en ligne (livraison en Allemagne) ou<\/p>\n<p><strong>10kg pour 49,38 euros*<\/strong> au lieu de 54,53 euros* dans la boutique en ligne (livraison en Allemagne)<\/p>\n<p>* Pour l&rsquo;Autriche, la Belgique, les Pays-Bas, le Luxembourg, l&rsquo;Italie, la France <span class=\"VIiyi\" lang=\"fr\"><span class=\"JLqJ4b ChMk0b C1N51c\" data-language-for-alternatives=\"fr\" data-language-to-translate-into=\"de\" data-phrase-index=\"0\" data-number-of-phrases=\"1\"><span class=\"Q4iAWc\">et l&rsquo;Espagne<\/span><\/span><\/span>, veuillez demander les prix.<\/p>\n<p><b>2.<\/b> voici nos<strong> dates d&rsquo;exp\u00e9dition<\/strong> pour la saison de vente de mangue BIO OSTEEN :<\/p>\n<p>Choisissez vos dates d&rsquo;exp\u00e9dition souhait\u00e9es!<\/p>\n<p>Lun 06.\/ Jeu 09.09.<br \/>\nLun 13.\/ Jeu 16.09.<br \/>\nLun 20.\/ Jeu 23.09.<br \/>\nLun 27.\/ Jeu 30.09.<br \/>\nLun 04.\/ Jeu 07.10<br \/>\nMer 13.\/ Jeu 14.10.<br \/>\nLun 18.\/ Jeu 21.10.<br \/>\nLun 25.\/ Mar 26.10.<\/p>\n<p>Nous exp\u00e9dions avec GLS. D\u00e9lais de livraison : Allemagne, France 2-4 jours ouvr\u00e9s, Autriche, Italie, Belgique, Luxembourg, Pays-Bas 3-5 jours ouvr\u00e9s<\/p>\n<p><strong>3. Veuillez saisir une adresse de livraison\u00a0!<\/strong><\/p>\n<p><strong>4. PAIEMENT : Paiement anticip\u00e9 par virement bancaire (Vous recevrez les coordonn\u00e9es bancaires avec la confirmation de la commande.)<\/strong><\/p>\n<h2><span style=\"color: #339966;\"><strong>Comme les ann\u00e9es pr\u00e9c\u00e9dentes, nous travaillons sur notre BIO FINCA selon les directives suivantes :<\/strong><\/span><\/h2>\n<p><strong>Nos mangues sont<\/strong> <strong>exemptes de pesticides et d&rsquo;herbicides.<\/strong><\/p>\n<p><strong>Nous n&rsquo;utilisons pas d&rsquo;engrais artificiel.<\/strong><\/p>\n<p><strong>Nous n&rsquo;utilisons pas de salles d&rsquo;affinage et ne traitons pas la peau ext\u00e9rieure.<br \/>\n<\/strong><\/p>\n<p><strong>Nos mangues sont tri\u00e9s \u00e0 la main et emball\u00e9s imm\u00e9diatement.<\/strong><\/p>\n<p><strong>Nos mangues sont certifi\u00e9s BIO par KIWA conform\u00e9ment aux directives de l&rsquo;UE.<\/strong><\/p>\n<figure id=\"attachment_2163\" aria-describedby=\"caption-attachment-2163\" style=\"width: 300px\" class=\"wp-caption alignleft\"><a href=\"https:\/\/www.frutas-biobena.com\/wp-content\/uploads\/2021-mangozweig.jpg\"><img loading=\"lazy\" decoding=\"async\" class=\"size-medium wp-image-2163\" src=\"https:\/\/www.frutas-biobena.com\/wp-content\/uploads\/\/2021-mangozweig-300x225.jpg\" alt=\"Branche de mangue bio\" width=\"300\" height=\"225\" srcset=\"https:\/\/www.frutas-biobena.com\/wp-content\/uploads\/2021-mangozweig-300x225.jpg 300w, https:\/\/www.frutas-biobena.com\/wp-content\/uploads\/2021-mangozweig-416x312.jpg 416w, https:\/\/www.frutas-biobena.com\/wp-content\/uploads\/2021-mangozweig-1024x768.jpg 1024w\" sizes=\"auto, (max-width: 300px) 100vw, 300px\" \/><\/a><figcaption id=\"caption-attachment-2163\" class=\"wp-caption-text\">Branche de mangue bio<\/figcaption><\/figure>\n<p>&nbsp;<\/p>\n<p>&nbsp;<\/p>\n<p>Nous nous r\u00e9jouissons de votre visite sur notre boutique en ligne !<\/p>\n<\/section>\n<section>L&rsquo;\u00e9quipe Frutas Biobena<\/section>\n<p><!--:--><!--:es--><\/p>\n<p>&nbsp;<\/p>\n","protected":false},"excerpt":{"rendered":"<p>Mangue bio de la vari\u00e9t\u00e9 Osteen directement du manguier biologique \u00e0 votre domicile Le 2 septembre 2021 notre boutique en ligne ouvrira avec la vente de nos MANGUE BIO de la vari\u00e9t\u00e9 OSTEEN. Cette ann\u00e9e encore, nos merveilleux et doux MANGUES OSTEEN ont \u00e9t\u00e9 g\u00e9n\u00e9reusement g\u00e2t\u00e9s par le soleil. Nous sommes donc heureux de leur [&hellip;]<\/p>\n","protected":false},"author":3,"featured_media":0,"comment_status":"closed","ping_status":"closed","sticky":false,"template":"","format":"standard","meta":{"footnotes":""},"categories":[77],"tags":[80,81],"class_list":["post-2284","post","type-post","status-publish","format-standard","hentry","category-nouvelles","tag-mangue-bio","tag-osteen-fr"],"_links":{"self":[{"href":"https:\/\/www.frutas-biobena.com\/fr\/wp-json\/wp\/v2\/posts\/2284","targetHints":{"allow":["GET"]}}],"collection":[{"href":"https:\/\/www.frutas-biobena.com\/fr\/wp-json\/wp\/v2\/posts"}],"about":[{"href":"https:\/\/www.frutas-biobena.com\/fr\/wp-json\/wp\/v2\/types\/post"}],"author":[{"embeddable":true,"href":"https:\/\/www.frutas-biobena.com\/fr\/wp-json\/wp\/v2\/users\/3"}],"replies":[{"embeddable":true,"href":"https:\/\/www.frutas-biobena.com\/fr\/wp-json\/wp\/v2\/comments?post=2284"}],"version-history":[{"count":12,"href":"https:\/\/www.frutas-biobena.com\/fr\/wp-json\/wp\/v2\/posts\/2284\/revisions"}],"predecessor-version":[{"id":2856,"href":"https:\/\/www.frutas-biobena.com\/fr\/wp-json\/wp\/v2\/posts\/2284\/revisions\/2856"}],"wp:attachment":[{"href":"https:\/\/www.frutas-biobena.com\/fr\/wp-json\/wp\/v2\/media?parent=2284"}],"wp:term":[{"taxonomy":"category","embeddable":true,"href":"https:\/\/www.frutas-biobena.com\/fr\/wp-json\/wp\/v2\/categories?post=2284"},{"taxonomy":"post_tag","embeddable":true,"href":"https:\/\/www.frutas-biobena.com\/fr\/wp-json\/wp\/v2\/tags?post=2284"}],"curies":[{"name":"wp","href":"https:\/\/api.w.org\/{rel}","templated":true}]}}